{"id":660,"date":"2021-04-20T20:57:09","date_gmt":"2021-04-20T20:57:09","guid":{"rendered":"https:\/\/gaceta.uacj.mx\/fiestadeloslibros\/?p=660"},"modified":"2021-04-21T17:46:00","modified_gmt":"2021-04-21T17:46:00","slug":"hay-venta-de-ejemplares-en-la-fiesta-de-los-libros","status":"publish","type":"post","link":"https:\/\/gaceta.uacj.mx\/fiestadeloslibros\/hay-venta-de-ejemplares-en-la-fiesta-de-los-libros\/","title":{"rendered":"Hay venta de ejemplares en la Fiesta de los Libros"},"content":{"rendered":"\n<figure class=\"wp-block-pullquote\" style=\"border-color:#8ed1fc\"><blockquote class=\"has-text-color has-vivid-cyan-blue-color\"><p><em>La UACJ realiza la din\u00e1mica con todas las medidas sanitarias<\/em><\/p><\/blockquote><\/figure>\n\n\n\n<p class=\"has-drop-cap justify-text\">Del 21 al 24 de abril, la Universidad Aut\u00f3noma de Ciudad Ju\u00e1rez realiza la novena edici\u00f3n de la Fiesta de los Libros en modalidad h\u00edbrida. En esta ocasi\u00f3n, y debido a la contingencia sanitaria, la din\u00e1mica de todo lo que quepa en la bolsa por $100 pesos no se lleva a cabo. Sin embargo, habr\u00e1 venta de paquetes de cinco libros por el mismo costo.<\/p>\n\n\n\n<p class=\"justify-text\">Para ello, se habilit\u00f3 un micrositio donde se encuentran los t\u00edtulos que se ofrecen en 13 paquetes diferentes, donde el lector podr\u00e1 elegir el combo de su preferencia, y, posteriormente, tendr\u00e1 que acudir a los jardines del Centro Cultural Universitario, ubicado en el Instituto de Ciencias Biom\u00e9dicas, para que pague y recoja los libros que eligi\u00f3.<\/p>\n\n\n\n<p class=\"justify-text\">Con el prop\u00f3sito de mitigar la propagaci\u00f3n del COVID-19, y salvaguardar la salud de la comunidad universitaria y general, los asistentes a la venta deber\u00e1n atender las medidas e indicaciones de las autoridades de salud, tales como resguardarse ante s\u00edntomas de enfermedad, usar cubrebocas, lavarse frecuentemente las manos, realizar estornudo de etiqueta y mantener la sana distancia.<\/p>\n\n\n\n<p class=\"justify-text\">Entre las medidas que la instituci\u00f3n ha tomado, el aforo se limita a 10 personas, quienes deber\u00e1n atravesar, al ingreso, el t\u00fanel desinfectante.<\/p>\n\n\n\n<p class=\"justify-text\">Otras de las recomendaciones son las siguientes:<\/p>\n\n\n\n<ul class=\"justify-text\"><li>Asistir sin acompa\u00f1antes y evitar el contacto con otras personas para desarrollar la actividad en un tiempo breve.<\/li><li>En la fila de ingreso se dar\u00e1n instrucciones de ubicaci\u00f3n de los paquetes de libros y la caja, se aplicar\u00e1 gel desinfectante (base alcohol al 70%) y quedar\u00e1 prohibido el acceso a menores de edad.<\/li><li>Los libros que integran cada paquete no son intercambiables.<\/li><\/ul>\n\n\n\n<p id=\"justify-text\">La entrada al ICB ser\u00e1 por la avenida Hermanos Escobar (frente al Fovissste Chamizal) y por la avenida Plutarco El\u00edas Calles, en un horario de 11:00 a. m. a 6:00 p. m.<\/p>\n\n\n\n<p id=\"justify-text\">Las presentaciones de libros, lectura masiva y talleres se realizar\u00e1n de forma virtual, a trav\u00e9s de Teams y en el Facebook&nbsp;<a href=\"https:\/\/www.facebook.com\/marketing.editorial.uacj\">Editorial UACJ<\/a>&nbsp;y&nbsp;<a href=\"https:\/\/www.facebook.com\/fiestadeloslibrosuacj\">Fiesta de los Libros UACJ<\/a>.&nbsp;<\/p>\n\n\n\n<p id=\"justify-text\">Para m\u00e1s informaci\u00f3n, visita&nbsp;<a href=\"https:\/\/gaceta.uacj.mx\/fiestadeloslibros\/\">fiestadeloslibros.uacj.mx<\/a><\/p>\n","protected":false},"excerpt":{"rendered":"<p>La UACJ realiza la din\u00e1mica con todas las medidas sanitarias Del 21 al 24 de abril, la Universidad Aut\u00f3noma de Ciudad Ju\u00e1rez realiza la novena edici\u00f3n de la Fiesta de &hellip;<\/p>\n<p class=\"read-more\"> <a class=\"\" href=\"https:\/\/gaceta.uacj.mx\/fiestadeloslibros\/hay-venta-de-ejemplares-en-la-fiesta-de-los-libros\/\"> <span class=\"screen-reader-text\">Hay venta de ejemplares en la Fiesta de los Libros<\/span> Leer m\u00e1s &raquo;<\/a><\/p>\n","protected":false},"author":8,"featured_media":664,"comment_status":"closed","ping_status":"closed","sticky":false,"template":"","format":"standard","meta":{"_regular_price":[],"currency_symbol":[]},"categories":[18],"tags":[],"post_slider_layout_featured_media_urls":{"thumbnail":["https:\/\/gaceta.uacj.mx\/fiestadeloslibros\/wp-content\/uploads\/sites\/3\/2021\/04\/protocolo-150x150.jpg",150,150,true],"post_slider_layout_landscape_large":["https:\/\/gaceta.uacj.mx\/fiestadeloslibros\/wp-content\/uploads\/sites\/3\/2021\/04\/protocolo-1200x600.jpg",1200,600,true],"post_slider_layout_portrait_large":["https:\/\/gaceta.uacj.mx\/fiestadeloslibros\/wp-content\/uploads\/sites\/3\/2021\/04\/protocolo-1200x600.jpg",1200,600,true],"post_slider_layout_square_large":["https:\/\/gaceta.uacj.mx\/fiestadeloslibros\/wp-content\/uploads\/sites\/3\/2021\/04\/protocolo-1200x600.jpg",1200,600,true],"post_slider_layout_landscape":["https:\/\/gaceta.uacj.mx\/fiestadeloslibros\/wp-content\/uploads\/sites\/3\/2021\/04\/protocolo-600x400.jpg",600,400,true],"post_slider_layout_portrait":["https:\/\/gaceta.uacj.mx\/fiestadeloslibros\/wp-content\/uploads\/sites\/3\/2021\/04\/protocolo-600x600.jpg",600,600,true],"post_slider_layout_square":["https:\/\/gaceta.uacj.mx\/fiestadeloslibros\/wp-content\/uploads\/sites\/3\/2021\/04\/protocolo-600x600.jpg",600,600,true],"full":["https:\/\/gaceta.uacj.mx\/fiestadeloslibros\/wp-content\/uploads\/sites\/3\/2021\/04\/protocolo.jpg",1230,600,false]},"featured_image_src":"https:\/\/gaceta.uacj.mx\/fiestadeloslibros\/wp-content\/uploads\/sites\/3\/2021\/04\/protocolo-600x400.jpg","featured_image_src_square":"https:\/\/gaceta.uacj.mx\/fiestadeloslibros\/wp-content\/uploads\/sites\/3\/2021\/04\/protocolo-600x600.jpg","author_info":{"display_name":"Gabriela Mart\u00ednez Hern\u00e1ndez","author_link":"https:\/\/gaceta.uacj.mx\/fiestadeloslibros\/author\/gabriela-martinez\/"},"uagb_featured_image_src":{"full":["https:\/\/gaceta.uacj.mx\/fiestadeloslibros\/wp-content\/uploads\/sites\/3\/2021\/04\/protocolo.jpg",1230,600,false],"thumbnail":["https:\/\/gaceta.uacj.mx\/fiestadeloslibros\/wp-content\/uploads\/sites\/3\/2021\/04\/protocolo-150x150.jpg",150,150,true],"medium":["https:\/\/gaceta.uacj.mx\/fiestadeloslibros\/wp-content\/uploads\/sites\/3\/2021\/04\/protocolo-300x146.jpg",300,146,true],"medium_large":["https:\/\/gaceta.uacj.mx\/fiestadeloslibros\/wp-content\/uploads\/sites\/3\/2021\/04\/protocolo-768x375.jpg",768,375,true],"large":["https:\/\/gaceta.uacj.mx\/fiestadeloslibros\/wp-content\/uploads\/sites\/3\/2021\/04\/protocolo-1024x500.jpg",1024,500,true],"1536x1536":["https:\/\/gaceta.uacj.mx\/fiestadeloslibros\/wp-content\/uploads\/sites\/3\/2021\/04\/protocolo.jpg",1230,600,false],"2048x2048":["https:\/\/gaceta.uacj.mx\/fiestadeloslibros\/wp-content\/uploads\/sites\/3\/2021\/04\/protocolo.jpg",1230,600,false],"post_slider_layout_landscape_large":["https:\/\/gaceta.uacj.mx\/fiestadeloslibros\/wp-content\/uploads\/sites\/3\/2021\/04\/protocolo-1200x600.jpg",1200,600,true],"post_slider_layout_portrait_large":["https:\/\/gaceta.uacj.mx\/fiestadeloslibros\/wp-content\/uploads\/sites\/3\/2021\/04\/protocolo-1200x600.jpg",1200,600,true],"post_slider_layout_square_large":["https:\/\/gaceta.uacj.mx\/fiestadeloslibros\/wp-content\/uploads\/sites\/3\/2021\/04\/protocolo-1200x600.jpg",1200,600,true],"post_slider_layout_landscape":["https:\/\/gaceta.uacj.mx\/fiestadeloslibros\/wp-content\/uploads\/sites\/3\/2021\/04\/protocolo-600x400.jpg",600,400,true],"post_slider_layout_portrait":["https:\/\/gaceta.uacj.mx\/fiestadeloslibros\/wp-content\/uploads\/sites\/3\/2021\/04\/protocolo-600x600.jpg",600,600,true],"post_slider_layout_square":["https:\/\/gaceta.uacj.mx\/fiestadeloslibros\/wp-content\/uploads\/sites\/3\/2021\/04\/protocolo-600x600.jpg",600,600,true],"gb-block-post-grid-landscape":["https:\/\/gaceta.uacj.mx\/fiestadeloslibros\/wp-content\/uploads\/sites\/3\/2021\/04\/protocolo-600x400.jpg",600,400,true],"gb-block-post-grid-square":["https:\/\/gaceta.uacj.mx\/fiestadeloslibros\/wp-content\/uploads\/sites\/3\/2021\/04\/protocolo-600x600.jpg",600,600,true],"cptm_icon":["https:\/\/gaceta.uacj.mx\/fiestadeloslibros\/wp-content\/uploads\/sites\/3\/2021\/04\/protocolo-16x16.jpg",16,16,true],"woocommerce_thumbnail":["https:\/\/gaceta.uacj.mx\/fiestadeloslibros\/wp-content\/uploads\/sites\/3\/2021\/04\/protocolo-300x300.jpg",300,300,true],"woocommerce_single":["https:\/\/gaceta.uacj.mx\/fiestadeloslibros\/wp-content\/uploads\/sites\/3\/2021\/04\/protocolo-600x293.jpg",600,293,true],"woocommerce_gallery_thumbnail":["https:\/\/gaceta.uacj.mx\/fiestadeloslibros\/wp-content\/uploads\/sites\/3\/2021\/04\/protocolo-100x100.jpg",100,100,true],"shop_catalog":["https:\/\/gaceta.uacj.mx\/fiestadeloslibros\/wp-content\/uploads\/sites\/3\/2021\/04\/protocolo-300x300.jpg",300,300,true],"shop_single":["https:\/\/gaceta.uacj.mx\/fiestadeloslibros\/wp-content\/uploads\/sites\/3\/2021\/04\/protocolo-600x293.jpg",600,293,true],"shop_thumbnail":["https:\/\/gaceta.uacj.mx\/fiestadeloslibros\/wp-content\/uploads\/sites\/3\/2021\/04\/protocolo-100x100.jpg",100,100,true]},"uagb_author_info":{"display_name":"Gabriela Mart\u00ednez Hern\u00e1ndez","author_link":"https:\/\/gaceta.uacj.mx\/fiestadeloslibros\/author\/gabriela-martinez\/"},"uagb_comment_info":0,"uagb_excerpt":"La UACJ realiza la din\u00e1mica con todas las medidas sanitarias Del 21 al 24 de abril, la Universidad Aut\u00f3noma de Ciudad Ju\u00e1rez realiza la novena edici\u00f3n de la Fiesta de &hellip; Hay venta de ejemplares en la Fiesta de los Libros Leer m\u00e1s &raquo;","_links":{"self":[{"href":"https:\/\/gaceta.uacj.mx\/fiestadeloslibros\/wp-json\/wp\/v2\/posts\/660"}],"collection":[{"href":"https:\/\/gaceta.uacj.mx\/fiestadeloslibros\/wp-json\/wp\/v2\/posts"}],"about":[{"href":"https:\/\/gaceta.uacj.mx\/fiestadeloslibros\/wp-json\/wp\/v2\/types\/post"}],"author":[{"embeddable":true,"href":"https:\/\/gaceta.uacj.mx\/fiestadeloslibros\/wp-json\/wp\/v2\/users\/8"}],"replies":[{"embeddable":true,"href":"https:\/\/gaceta.uacj.mx\/fiestadeloslibros\/wp-json\/wp\/v2\/comments?post=660"}],"version-history":[{"count":2,"href":"https:\/\/gaceta.uacj.mx\/fiestadeloslibros\/wp-json\/wp\/v2\/posts\/660\/revisions"}],"predecessor-version":[{"id":717,"href":"https:\/\/gaceta.uacj.mx\/fiestadeloslibros\/wp-json\/wp\/v2\/posts\/660\/revisions\/717"}],"wp:featuredmedia":[{"embeddable":true,"href":"https:\/\/gaceta.uacj.mx\/fiestadeloslibros\/wp-json\/wp\/v2\/media\/664"}],"wp:attachment":[{"href":"https:\/\/gaceta.uacj.mx\/fiestadeloslibros\/wp-json\/wp\/v2\/media?parent=660"}],"wp:term":[{"taxonomy":"category","embeddable":true,"href":"https:\/\/gaceta.uacj.mx\/fiestadeloslibros\/wp-json\/wp\/v2\/categories?post=660"},{"taxonomy":"post_tag","embeddable":true,"href":"https:\/\/gaceta.uacj.mx\/fiestadeloslibros\/wp-json\/wp\/v2\/tags?post=660"}],"curies":[{"name":"wp","href":"https:\/\/api.w.org\/{rel}","templated":true}]}}